{"id":440,"date":"2021-12-05T09:51:15","date_gmt":"2021-12-05T09:51:15","guid":{"rendered":"https:\/\/www.laparamera.es\/?p=440"},"modified":"2021-12-08T21:31:01","modified_gmt":"2021-12-08T21:31:01","slug":"elementor-440","status":"publish","type":"post","link":"https:\/\/www.laparamera.es\/index.php\/2021\/12\/05\/elementor-440\/","title":{"rendered":"FEMUR Y LA PARAMERA"},"content":{"rendered":"\t\t<div data-elementor-type=\"wp-post\" data-elementor-id=\"440\" class=\"elementor elementor-440\">\n\t\t\t\t\t\t\t\t\t<section class=\"elementor-section elementor-top-section elementor-element elementor-element-031d362 elementor-section-boxed elementor-section-height-default elementor-section-height-default\" data-id=\"031d362\" data-element_type=\"section\">\n\t\t\t\t\t\t<div class=\"elementor-container elementor-column-gap-default\">\n\t\t\t\t\t<div class=\"elementor-column elementor-col-100 elementor-top-column elementor-element elementor-element-a7a0eed\" data-id=\"a7a0eed\" data-element_type=\"column\">\n\t\t\t<div class=\"elementor-widget-wrap elementor-element-populated\">\n\t\t\t\t\t\t\t\t<div class=\"elementor-element elementor-element-be9dff7 elementor-widget elementor-widget-text-editor\" data-id=\"be9dff7\" data-element_type=\"widget\" data-widget_type=\"text-editor.default\">\n\t\t\t\t<div class=\"elementor-widget-container\">\n\t\t\t<style>\/*! elementor - v3.8.0 - 30-10-2022 *\/\n.elementor-widget-text-editor.elementor-drop-cap-view-stacked .elementor-drop-cap{background-color:#818a91;color:#fff}.elementor-widget-text-editor.elementor-drop-cap-view-framed .elementor-drop-cap{color:#818a91;border:3px solid;background-color:transparent}.elementor-widget-text-editor:not(.elementor-drop-cap-view-default) .elementor-drop-cap{margin-top:8px}.elementor-widget-text-editor:not(.elementor-drop-cap-view-default) .elementor-drop-cap-letter{width:1em;height:1em}.elementor-widget-text-editor .elementor-drop-cap{float:left;text-align:center;line-height:1;font-size:50px}.elementor-widget-text-editor .elementor-drop-cap-letter{display:inline-block}<\/style>\t\t\t\t<h1><span style=\"color: #ffffff;\">FEMUR Y LA PARAMERA<\/span><\/h1>\t\t\t\t\t\t<\/div>\n\t\t\t\t<\/div>\n\t\t\t\t\t<\/div>\n\t\t<\/div>\n\t\t\t\t\t\t\t<\/div>\n\t\t<\/section>\n\t\t\t\t<section class=\"elementor-section elementor-top-section elementor-element elementor-element-02da1ec elementor-section-boxed elementor-section-height-default elementor-section-height-default\" data-id=\"02da1ec\" data-element_type=\"section\">\n\t\t\t\t\t\t<div class=\"elementor-container elementor-column-gap-default\">\n\t\t\t\t\t<div class=\"elementor-column elementor-col-25 elementor-top-column elementor-element elementor-element-d27e635\" data-id=\"d27e635\" data-element_type=\"column\">\n\t\t\t<div class=\"elementor-widget-wrap elementor-element-populated\">\n\t\t\t\t\t\t\t\t<div class=\"elementor-element elementor-element-de9dfb6 elementor-widget elementor-widget-image\" data-id=\"de9dfb6\" data-element_type=\"widget\" data-widget_type=\"image.default\">\n\t\t\t\t<div class=\"elementor-widget-container\">\n\t\t\t<style>\/*! elementor - v3.8.0 - 30-10-2022 *\/\n.elementor-widget-image{text-align:center}.elementor-widget-image a{display:inline-block}.elementor-widget-image a img[src$=\".svg\"]{width:48px}.elementor-widget-image img{vertical-align:middle;display:inline-block}<\/style>\t\t\t\t\t\t\t\t\t\t\t\t<img loading=\"lazy\" decoding=\"async\" width=\"920\" height=\"924\" src=\"https:\/\/i0.wp.com\/www.laparamera.es\/wp-content\/uploads\/2021\/12\/femur.jpg?fit=920%2C924&amp;ssl=1\" class=\"attachment-large size-large\" alt=\"\" srcset=\"https:\/\/i0.wp.com\/www.laparamera.es\/wp-content\/uploads\/2021\/12\/femur.jpg?w=1012&amp;ssl=1 1012w, https:\/\/i0.wp.com\/www.laparamera.es\/wp-content\/uploads\/2021\/12\/femur.jpg?resize=300%2C300&amp;ssl=1 300w, https:\/\/i0.wp.com\/www.laparamera.es\/wp-content\/uploads\/2021\/12\/femur.jpg?resize=100%2C100&amp;ssl=1 100w, https:\/\/i0.wp.com\/www.laparamera.es\/wp-content\/uploads\/2021\/12\/femur.jpg?resize=600%2C602&amp;ssl=1 600w, https:\/\/i0.wp.com\/www.laparamera.es\/wp-content\/uploads\/2021\/12\/femur.jpg?resize=150%2C150&amp;ssl=1 150w, https:\/\/i0.wp.com\/www.laparamera.es\/wp-content\/uploads\/2021\/12\/femur.jpg?resize=768%2C771&amp;ssl=1 768w\" sizes=\"auto, (max-width: 920px) 100vw, 920px\" \/>\t\t\t\t\t\t\t\t\t\t\t\t\t\t\t<\/div>\n\t\t\t\t<\/div>\n\t\t\t\t\t<\/div>\n\t\t<\/div>\n\t\t\t\t<div class=\"elementor-column elementor-col-25 elementor-top-column elementor-element elementor-element-703ec1f\" data-id=\"703ec1f\" data-element_type=\"column\">\n\t\t\t<div class=\"elementor-widget-wrap\">\n\t\t\t\t\t\t\t\t\t<\/div>\n\t\t<\/div>\n\t\t\t\t<div class=\"elementor-column elementor-col-50 elementor-top-column elementor-element elementor-element-52d84f8\" data-id=\"52d84f8\" data-element_type=\"column\">\n\t\t\t<div class=\"elementor-widget-wrap elementor-element-populated\">\n\t\t\t\t\t\t\t\t<div class=\"elementor-element elementor-element-cf25093 elementor-widget elementor-widget-text-editor\" data-id=\"cf25093\" data-element_type=\"widget\" data-widget_type=\"text-editor.default\">\n\t\t\t\t<div class=\"elementor-widget-container\">\n\t\t\t\t\t\t\t<div class=\"\" dir=\"auto\"><div id=\"jsc_c_1ef\" class=\"ecm0bbzt hv4rvrfc ihqw7lf3 dati1w0a\" data-ad-comet-preview=\"message\" data-ad-preview=\"message\"><div class=\"j83agx80 cbu4d94t ew0dbk1b irj2b8pg\"><div class=\"qzhwtbm6 knvmm38d\"><div class=\"kvgmc6g5 cxmmr5t8 oygrvhab hcukyx3x c1et5uql ii04i59q\"><div dir=\"auto\"><span style=\"color: #000000;\">Este fin de semana he participado en el Foro organizado por la Federaci\u00f3n de la Mujer Rural en <a class=\"oajrlxb2 g5ia77u1 qu0x051f esr5mh6w e9989ue4 r7d6kgcz rq0escxv nhd2j8a9 nc684nl6 p7hjln8o kvgmc6g5 cxmmr5t8 oygrvhab hcukyx3x jb3vyjys rz4wbd8a qt6c0cv9 a8nywdso i1ao9s8h esuyzwwr f1sip0of lzcic4wl q66pz984 gpro0wi8 b1v8xokw\" style=\"color: #000000;\" tabindex=\"0\" role=\"link\" href=\"https:\/\/www.facebook.com\/hashtag\/hontalbilla?__eep__=6&amp;__cft__[0]=AZUPY7Czi0nV1xNmLI90Vfl6iZkfVMSkqz4DHNLeFgfCM7XPID2bfZOu2GuEl3YcOd6u5e8NYnqYkGG2lmroIeMNOApAazkGpDMHyr2-YE90YP_r8AZCrDcTvsX2bkcz6BjD8v5uOvYhE2I-LRGNAy6WGLqSTWQWIdO1vHQk6o5A5JJ5z2KYWSk6gD12945BNO0&amp;__tn__=*NK-R\">#Hontalbilla<\/a>, <a class=\"oajrlxb2 g5ia77u1 qu0x051f esr5mh6w e9989ue4 r7d6kgcz rq0escxv nhd2j8a9 nc684nl6 p7hjln8o kvgmc6g5 cxmmr5t8 oygrvhab hcukyx3x jb3vyjys rz4wbd8a qt6c0cv9 a8nywdso i1ao9s8h esuyzwwr f1sip0of lzcic4wl q66pz984 gpro0wi8 b1v8xokw\" style=\"color: #000000;\" tabindex=\"0\" role=\"link\" href=\"https:\/\/www.facebook.com\/hashtag\/segovia?__eep__=6&amp;__cft__[0]=AZUPY7Czi0nV1xNmLI90Vfl6iZkfVMSkqz4DHNLeFgfCM7XPID2bfZOu2GuEl3YcOd6u5e8NYnqYkGG2lmroIeMNOApAazkGpDMHyr2-YE90YP_r8AZCrDcTvsX2bkcz6BjD8v5uOvYhE2I-LRGNAy6WGLqSTWQWIdO1vHQk6o5A5JJ5z2KYWSk6gD12945BNO0&amp;__tn__=*NK-R\">#Segovia<\/a>. Han sido unas jornadas de convivencia y aprendizaje. Un grupo de <a class=\"oajrlxb2 g5ia77u1 qu0x051f esr5mh6w e9989ue4 r7d6kgcz rq0escxv nhd2j8a9 nc684nl6 p7hjln8o kvgmc6g5 cxmmr5t8 oygrvhab hcukyx3x jb3vyjys rz4wbd8a qt6c0cv9 a8nywdso i1ao9s8h esuyzwwr f1sip0of lzcic4wl q66pz984 gpro0wi8 b1v8xokw\" style=\"color: #000000;\" tabindex=\"0\" role=\"link\" href=\"https:\/\/www.facebook.com\/hashtag\/mujeres?__eep__=6&amp;__cft__[0]=AZUPY7Czi0nV1xNmLI90Vfl6iZkfVMSkqz4DHNLeFgfCM7XPID2bfZOu2GuEl3YcOd6u5e8NYnqYkGG2lmroIeMNOApAazkGpDMHyr2-YE90YP_r8AZCrDcTvsX2bkcz6BjD8v5uOvYhE2I-LRGNAy6WGLqSTWQWIdO1vHQk6o5A5JJ5z2KYWSk6gD12945BNO0&amp;__tn__=*NK-R\">#mujeres<\/a> <a class=\"oajrlxb2 g5ia77u1 qu0x051f esr5mh6w e9989ue4 r7d6kgcz rq0escxv nhd2j8a9 nc684nl6 p7hjln8o kvgmc6g5 cxmmr5t8 oygrvhab hcukyx3x jb3vyjys rz4wbd8a qt6c0cv9 a8nywdso i1ao9s8h esuyzwwr f1sip0of lzcic4wl q66pz984 gpro0wi8 b1v8xokw\" style=\"color: #000000;\" tabindex=\"0\" role=\"link\" href=\"https:\/\/www.facebook.com\/hashtag\/emprendedoras?__eep__=6&amp;__cft__[0]=AZUPY7Czi0nV1xNmLI90Vfl6iZkfVMSkqz4DHNLeFgfCM7XPID2bfZOu2GuEl3YcOd6u5e8NYnqYkGG2lmroIeMNOApAazkGpDMHyr2-YE90YP_r8AZCrDcTvsX2bkcz6BjD8v5uOvYhE2I-LRGNAy6WGLqSTWQWIdO1vHQk6o5A5JJ5z2KYWSk6gD12945BNO0&amp;__tn__=*NK-R\">#emprendedoras<\/a>, en el medio rural, hemos compartido experiencias, expuesto nuestros proyectos y mostrado los diferentes productos elaborados de manera <a class=\"oajrlxb2 g5ia77u1 qu0x051f esr5mh6w e9989ue4 r7d6kgcz rq0escxv nhd2j8a9 nc684nl6 p7hjln8o kvgmc6g5 cxmmr5t8 oygrvhab hcukyx3x jb3vyjys rz4wbd8a qt6c0cv9 a8nywdso i1ao9s8h esuyzwwr f1sip0of lzcic4wl q66pz984 gpro0wi8 b1v8xokw\" style=\"color: #000000;\" tabindex=\"0\" role=\"link\" href=\"https:\/\/www.facebook.com\/hashtag\/artesanal?__eep__=6&amp;__cft__[0]=AZUPY7Czi0nV1xNmLI90Vfl6iZkfVMSkqz4DHNLeFgfCM7XPID2bfZOu2GuEl3YcOd6u5e8NYnqYkGG2lmroIeMNOApAazkGpDMHyr2-YE90YP_r8AZCrDcTvsX2bkcz6BjD8v5uOvYhE2I-LRGNAy6WGLqSTWQWIdO1vHQk6o5A5JJ5z2KYWSk6gD12945BNO0&amp;__tn__=*NK-R\">#artesanal<\/a>.<\/span><\/div><div dir=\"auto\"><span style=\"color: #000000;\"><a class=\"oajrlxb2 g5ia77u1 qu0x051f esr5mh6w e9989ue4 r7d6kgcz rq0escxv nhd2j8a9 nc684nl6 p7hjln8o kvgmc6g5 cxmmr5t8 oygrvhab hcukyx3x jb3vyjys rz4wbd8a qt6c0cv9 a8nywdso i1ao9s8h esuyzwwr f1sip0of lzcic4wl q66pz984 gpro0wi8 b1v8xokw\" style=\"color: #000000;\" tabindex=\"0\" role=\"link\" href=\"https:\/\/www.facebook.com\/hashtag\/femur?__eep__=6&amp;__cft__[0]=AZUPY7Czi0nV1xNmLI90Vfl6iZkfVMSkqz4DHNLeFgfCM7XPID2bfZOu2GuEl3YcOd6u5e8NYnqYkGG2lmroIeMNOApAazkGpDMHyr2-YE90YP_r8AZCrDcTvsX2bkcz6BjD8v5uOvYhE2I-LRGNAy6WGLqSTWQWIdO1vHQk6o5A5JJ5z2KYWSk6gD12945BNO0&amp;__tn__=*NK-R\">#femur<\/a><\/span><\/div><\/div><\/div><\/div><\/div><\/div>\t\t\t\t\t\t<\/div>\n\t\t\t\t<\/div>\n\t\t\t\t\t<\/div>\n\t\t<\/div>\n\t\t\t\t\t\t\t<\/div>\n\t\t<\/section>\n\t\t\t\t<section class=\"elementor-section elementor-top-section elementor-element elementor-element-1ddd992 elementor-section-boxed elementor-section-height-default elementor-section-height-default\" data-id=\"1ddd992\" data-element_type=\"section\">\n\t\t\t\t\t\t<div class=\"elementor-container elementor-column-gap-default\">\n\t\t\t\t\t<div class=\"elementor-column elementor-col-50 elementor-top-column elementor-element elementor-element-f3c0f93\" data-id=\"f3c0f93\" data-element_type=\"column\">\n\t\t\t<div class=\"elementor-widget-wrap elementor-element-populated\">\n\t\t\t\t\t\t\t\t<div class=\"elementor-element elementor-element-24d5f4e elementor-widget elementor-widget-image\" data-id=\"24d5f4e\" data-element_type=\"widget\" data-widget_type=\"image.default\">\n\t\t\t\t<div class=\"elementor-widget-container\">\n\t\t\t\t\t\t\t\t\t\t\t\t\t\t\t<img loading=\"lazy\" decoding=\"async\" width=\"920\" height=\"690\" src=\"https:\/\/i0.wp.com\/www.laparamera.es\/wp-content\/uploads\/2021\/12\/258853807_433453761829240_855228451582645276_n.jpg?fit=920%2C690&amp;ssl=1\" class=\"attachment-large size-large\" alt=\"\" srcset=\"https:\/\/i0.wp.com\/www.laparamera.es\/wp-content\/uploads\/2021\/12\/258853807_433453761829240_855228451582645276_n.jpg?w=960&amp;ssl=1 960w, https:\/\/i0.wp.com\/www.laparamera.es\/wp-content\/uploads\/2021\/12\/258853807_433453761829240_855228451582645276_n.jpg?resize=600%2C450&amp;ssl=1 600w, https:\/\/i0.wp.com\/www.laparamera.es\/wp-content\/uploads\/2021\/12\/258853807_433453761829240_855228451582645276_n.jpg?resize=300%2C225&amp;ssl=1 300w, https:\/\/i0.wp.com\/www.laparamera.es\/wp-content\/uploads\/2021\/12\/258853807_433453761829240_855228451582645276_n.jpg?resize=768%2C576&amp;ssl=1 768w\" sizes=\"auto, (max-width: 920px) 100vw, 920px\" \/>\t\t\t\t\t\t\t\t\t\t\t\t\t\t\t<\/div>\n\t\t\t\t<\/div>\n\t\t\t\t\t<\/div>\n\t\t<\/div>\n\t\t\t\t<div class=\"elementor-column elementor-col-50 elementor-top-column elementor-element elementor-element-fda28fd\" data-id=\"fda28fd\" data-element_type=\"column\">\n\t\t\t<div class=\"elementor-widget-wrap elementor-element-populated\">\n\t\t\t\t\t\t\t\t<div class=\"elementor-element elementor-element-37541f3 elementor-widget elementor-widget-text-editor\" data-id=\"37541f3\" data-element_type=\"widget\" data-widget_type=\"text-editor.default\">\n\t\t\t\t<div class=\"elementor-widget-container\">\n\t\t\t\t\t\t\t<div class=\"\" dir=\"auto\"><div id=\"jsc_c_1d2\" class=\"ecm0bbzt hv4rvrfc ihqw7lf3 dati1w0a\" data-ad-comet-preview=\"message\" data-ad-preview=\"message\"><div class=\"j83agx80 cbu4d94t ew0dbk1b irj2b8pg\"><div class=\"qzhwtbm6 knvmm38d\"><div class=\"kvgmc6g5 cxmmr5t8 oygrvhab hcukyx3x c1et5uql ii04i59q\"><div dir=\"auto\"><span style=\"color: #000000;\">Gracias a las jornadas de la Mujer Rural promovidas por FEMUR, he conocido a unas mujeres maravillosas y \u00fanicas con las que he aprendido much\u00edsimo:<\/span><\/div><div dir=\"auto\"><span style=\"color: #000000;\">Sobre las propiedades de los alimentos<span class=\"pq6dq46d tbxw36s4 knj5qynh kvgmc6g5 ditlmg2l oygrvhab nvdbi5me sf5mxxl7 gl3lb2sf hhz5lgdu\"><img loading=\"lazy\" decoding=\"async\" src=\"https:\/\/static.xx.fbcdn.net\/images\/emoji.php\/v9\/taa\/1.5\/16\/1f966.png\" alt=\"\ud83e\udd66\" width=\"16\" height=\"16\" \/><\/span> con <a class=\"oajrlxb2 g5ia77u1 qu0x051f esr5mh6w e9989ue4 r7d6kgcz rq0escxv nhd2j8a9 nc684nl6 p7hjln8o kvgmc6g5 cxmmr5t8 oygrvhab hcukyx3x jb3vyjys rz4wbd8a qt6c0cv9 a8nywdso i1ao9s8h esuyzwwr f1sip0of lzcic4wl q66pz984 gpro0wi8 b1v8xokw\" style=\"color: #000000;\" tabindex=\"0\" role=\"link\" href=\"https:\/\/www.facebook.com\/nutrium.mariavictoria6542\/?__cft__[0]=AZU9HLBsHrTdulxcSjyVNWgynYlKcHcvG4malP2lWowBoBej13O9E8U_YOGvNCgKnDTUBL7frNA7NV2voGWbEOJ--iubWuay27lwLpcll7hR2GllcsX_e9OC_Q5d75_buqfrCI2a1RhqTL37oPVmjlFPNaynT0QzmaG9wdcw6bWSNg&amp;__tn__=kK-R\"><span class=\"nc684nl6\">Nutrium.MariaVictoria<\/span><\/a>, del arte del ganchillo <span class=\"pq6dq46d tbxw36s4 knj5qynh kvgmc6g5 ditlmg2l oygrvhab nvdbi5me sf5mxxl7 gl3lb2sf hhz5lgdu\"><img loading=\"lazy\" decoding=\"async\" src=\"https:\/\/static.xx.fbcdn.net\/images\/emoji.php\/v9\/t7a\/1.5\/16\/1f9f6.png\" alt=\"\ud83e\uddf6\" width=\"16\" height=\"16\" \/><\/span>con <a class=\"oajrlxb2 g5ia77u1 qu0x051f esr5mh6w e9989ue4 r7d6kgcz rq0escxv nhd2j8a9 nc684nl6 p7hjln8o kvgmc6g5 cxmmr5t8 oygrvhab hcukyx3x jb3vyjys rz4wbd8a qt6c0cv9 a8nywdso i1ao9s8h esuyzwwr f1sip0of lzcic4wl q66pz984 gpro0wi8 b1v8xokw\" style=\"color: #000000;\" tabindex=\"0\" role=\"link\" href=\"https:\/\/www.facebook.com\/La-Dama-del-Ganchillo-111924607788950\/?__cft__[0]=AZU9HLBsHrTdulxcSjyVNWgynYlKcHcvG4malP2lWowBoBej13O9E8U_YOGvNCgKnDTUBL7frNA7NV2voGWbEOJ--iubWuay27lwLpcll7hR2GllcsX_e9OC_Q5d75_buqfrCI2a1RhqTL37oPVmjlFPNaynT0QzmaG9wdcw6bWSNg&amp;__tn__=kK-R\"><span class=\"nc684nl6\">La Dama del Ganchillo<\/span><\/a>, he descubierto los trajes regionales<span class=\"pq6dq46d tbxw36s4 knj5qynh kvgmc6g5 ditlmg2l oygrvhab nvdbi5me sf5mxxl7 gl3lb2sf hhz5lgdu\"><img loading=\"lazy\" decoding=\"async\" src=\"https:\/\/static.xx.fbcdn.net\/images\/emoji.php\/v9\/tf9\/1.5\/16\/1f9f5.png\" alt=\"\ud83e\uddf5\" width=\"16\" height=\"16\" \/><\/span> con Conchi Bay\u00f3n Pilar, de filandares y cuentos <span class=\"pq6dq46d tbxw36s4 knj5qynh kvgmc6g5 ditlmg2l oygrvhab nvdbi5me sf5mxxl7 gl3lb2sf hhz5lgdu\"><img loading=\"lazy\" decoding=\"async\" src=\"https:\/\/static.xx.fbcdn.net\/images\/emoji.php\/v9\/t55\/1.5\/16\/1f9da_200d_2640.png\" alt=\"\ud83e\uddda\u200d\u2640\ufe0f\" width=\"16\" height=\"16\" \/><\/span>bajo la luz del candil con Lunas de Lilith, sobre los secretos escondidos del paisaje zamorano<span class=\"pq6dq46d tbxw36s4 knj5qynh kvgmc6g5 ditlmg2l oygrvhab nvdbi5me sf5mxxl7 gl3lb2sf hhz5lgdu\"><img loading=\"lazy\" decoding=\"async\" src=\"https:\/\/static.xx.fbcdn.net\/images\/emoji.php\/v9\/te2\/1.5\/16\/1f342.png\" alt=\"\ud83c\udf42\" width=\"16\" height=\"16\" \/><\/span> con \u00c1ngela Cabezas Moreno, de orfebrer\u00eda<span class=\"pq6dq46d tbxw36s4 knj5qynh kvgmc6g5 ditlmg2l oygrvhab nvdbi5me sf5mxxl7 gl3lb2sf hhz5lgdu\"><img loading=\"lazy\" decoding=\"async\" src=\"https:\/\/static.xx.fbcdn.net\/images\/emoji.php\/v9\/t7b\/1.5\/16\/2728.png\" alt=\"\u2728\" width=\"16\" height=\"16\" \/><\/span> conLNAPlateando y de cer\u00e1mica <span class=\"pq6dq46d tbxw36s4 knj5qynh kvgmc6g5 ditlmg2l oygrvhab nvdbi5me sf5mxxl7 gl3lb2sf hhz5lgdu\"><img loading=\"lazy\" decoding=\"async\" src=\"https:\/\/static.xx.fbcdn.net\/images\/emoji.php\/v9\/t9f\/1.5\/16\/1f3fa.png\" alt=\"\ud83c\udffa\" width=\"16\" height=\"16\" \/><\/span>con Isabel Robledo artist. Espero volver a veros pronto!!<span class=\"pq6dq46d tbxw36s4 knj5qynh kvgmc6g5 ditlmg2l oygrvhab nvdbi5me sf5mxxl7 gl3lb2sf hhz5lgdu\"><img loading=\"lazy\" decoding=\"async\" src=\"https:\/\/static.xx.fbcdn.net\/images\/emoji.php\/v9\/tef\/1.5\/16\/1f49c.png\" alt=\"\ud83d\udc9c\" width=\"16\" height=\"16\" \/><\/span><\/span><\/div><\/div><\/div><\/div><\/div><\/div>\t\t\t\t\t\t<\/div>\n\t\t\t\t<\/div>\n\t\t\t\t\t<\/div>\n\t\t<\/div>\n\t\t\t\t\t\t\t<\/div>\n\t\t<\/section>\n\t\t\t\t\t\t\t<\/div>\n\t\t","protected":false},"excerpt":{"rendered":"<p>FEMUR Y LA PARAMERA Este fin de semana he participado en el Foro organizado por la Federaci\u00f3n de la Mujer Rural en #Hontalbilla, #Segovia. Han sido unas jornadas de convivencia<\/p>\n<p class=\"more-link\"><a class=\"button\" href=\"https:\/\/www.laparamera.es\/index.php\/2021\/12\/05\/elementor-440\/\" class=\"readmore\">Seguir leyendo<span class=\"screen-reader-text\">FEMUR Y LA PARAMERA<\/span><\/a><\/p>\n","protected":false},"author":1,"featured_media":0,"comment_status":"open","ping_status":"open","sticky":false,"template":"","format":"aside","meta":{"footnotes":""},"categories":[31],"tags":[],"class_list":["post-440","post","type-post","status-publish","format-aside","hentry","category-blog-2021","post_format-post-format-aside"],"yoast_head":"<!-- This site is optimized with the Yoast SEO plugin v27.5 - https:\/\/yoast.com\/product\/yoast-seo-wordpress\/ -->\n<title>FEMUR Y LA PARAMERA - La Paramera<\/title>\n<meta name=\"robots\" content=\"index, follow, max-snippet:-1, max-image-preview:large, max-video-preview:-1\" \/>\n<link rel=\"canonical\" href=\"https:\/\/www.laparamera.es\/index.php\/2021\/12\/05\/elementor-440\/\" \/>\n<meta property=\"og:locale\" content=\"es_ES\" \/>\n<meta property=\"og:type\" content=\"article\" \/>\n<meta property=\"og:title\" content=\"FEMUR Y LA PARAMERA - La Paramera\" \/>\n<meta property=\"og:description\" content=\"FEMUR Y LA PARAMERA Este fin de semana he participado en el Foro organizado por la Federaci\u00f3n de la Mujer Rural en #Hontalbilla, #Segovia. Han sido unas jornadas de convivenciaSeguir leyendoFEMUR Y LA PARAMERA\" \/>\n<meta property=\"og:url\" content=\"https:\/\/www.laparamera.es\/index.php\/2021\/12\/05\/elementor-440\/\" \/>\n<meta property=\"og:site_name\" content=\"La Paramera\" \/>\n<meta property=\"article:published_time\" content=\"2021-12-05T09:51:15+00:00\" \/>\n<meta property=\"article:modified_time\" content=\"2021-12-08T21:31:01+00:00\" \/>\n<meta property=\"og:image\" content=\"https:\/\/www.laparamera.es\/wp-content\/uploads\/2021\/12\/femur.jpg\" \/>\n<meta name=\"author\" content=\"La Paramera\" \/>\n<meta name=\"twitter:card\" content=\"summary_large_image\" \/>\n<meta name=\"twitter:label1\" content=\"Escrito por\" \/>\n\t<meta name=\"twitter:data1\" content=\"La Paramera\" \/>\n\t<meta name=\"twitter:label2\" content=\"Tiempo de lectura\" \/>\n\t<meta name=\"twitter:data2\" content=\"3 minutos\" \/>\n<script type=\"application\/ld+json\" class=\"yoast-schema-graph\">{\"@context\":\"https:\\\/\\\/schema.org\",\"@graph\":[{\"@type\":\"Article\",\"@id\":\"https:\\\/\\\/www.laparamera.es\\\/index.php\\\/2021\\\/12\\\/05\\\/elementor-440\\\/#article\",\"isPartOf\":{\"@id\":\"https:\\\/\\\/www.laparamera.es\\\/index.php\\\/2021\\\/12\\\/05\\\/elementor-440\\\/\"},\"author\":{\"name\":\"La Paramera\",\"@id\":\"https:\\\/\\\/www.laparamera.es\\\/#\\\/schema\\\/person\\\/4d1d067501f66f7c8a12ddf42c996493\"},\"headline\":\"FEMUR Y LA PARAMERA\",\"datePublished\":\"2021-12-05T09:51:15+00:00\",\"dateModified\":\"2021-12-08T21:31:01+00:00\",\"mainEntityOfPage\":{\"@id\":\"https:\\\/\\\/www.laparamera.es\\\/index.php\\\/2021\\\/12\\\/05\\\/elementor-440\\\/\"},\"wordCount\":157,\"commentCount\":0,\"publisher\":{\"@id\":\"https:\\\/\\\/www.laparamera.es\\\/#organization\"},\"image\":{\"@id\":\"https:\\\/\\\/www.laparamera.es\\\/index.php\\\/2021\\\/12\\\/05\\\/elementor-440\\\/#primaryimage\"},\"thumbnailUrl\":\"https:\\\/\\\/www.laparamera.es\\\/wp-content\\\/uploads\\\/2021\\\/12\\\/femur.jpg\",\"articleSection\":[\"Blog 2021\"],\"inLanguage\":\"es\",\"potentialAction\":[{\"@type\":\"CommentAction\",\"name\":\"Comment\",\"target\":[\"https:\\\/\\\/www.laparamera.es\\\/index.php\\\/2021\\\/12\\\/05\\\/elementor-440\\\/#respond\"]}]},{\"@type\":\"WebPage\",\"@id\":\"https:\\\/\\\/www.laparamera.es\\\/index.php\\\/2021\\\/12\\\/05\\\/elementor-440\\\/\",\"url\":\"https:\\\/\\\/www.laparamera.es\\\/index.php\\\/2021\\\/12\\\/05\\\/elementor-440\\\/\",\"name\":\"FEMUR Y LA PARAMERA - La Paramera\",\"isPartOf\":{\"@id\":\"https:\\\/\\\/www.laparamera.es\\\/#website\"},\"primaryImageOfPage\":{\"@id\":\"https:\\\/\\\/www.laparamera.es\\\/index.php\\\/2021\\\/12\\\/05\\\/elementor-440\\\/#primaryimage\"},\"image\":{\"@id\":\"https:\\\/\\\/www.laparamera.es\\\/index.php\\\/2021\\\/12\\\/05\\\/elementor-440\\\/#primaryimage\"},\"thumbnailUrl\":\"https:\\\/\\\/www.laparamera.es\\\/wp-content\\\/uploads\\\/2021\\\/12\\\/femur.jpg\",\"datePublished\":\"2021-12-05T09:51:15+00:00\",\"dateModified\":\"2021-12-08T21:31:01+00:00\",\"breadcrumb\":{\"@id\":\"https:\\\/\\\/www.laparamera.es\\\/index.php\\\/2021\\\/12\\\/05\\\/elementor-440\\\/#breadcrumb\"},\"inLanguage\":\"es\",\"potentialAction\":[{\"@type\":\"ReadAction\",\"target\":[\"https:\\\/\\\/www.laparamera.es\\\/index.php\\\/2021\\\/12\\\/05\\\/elementor-440\\\/\"]}]},{\"@type\":\"ImageObject\",\"inLanguage\":\"es\",\"@id\":\"https:\\\/\\\/www.laparamera.es\\\/index.php\\\/2021\\\/12\\\/05\\\/elementor-440\\\/#primaryimage\",\"url\":\"https:\\\/\\\/i0.wp.com\\\/www.laparamera.es\\\/wp-content\\\/uploads\\\/2021\\\/12\\\/femur.jpg?fit=1012%2C1016&ssl=1\",\"contentUrl\":\"https:\\\/\\\/i0.wp.com\\\/www.laparamera.es\\\/wp-content\\\/uploads\\\/2021\\\/12\\\/femur.jpg?fit=1012%2C1016&ssl=1\",\"width\":1012,\"height\":1016},{\"@type\":\"BreadcrumbList\",\"@id\":\"https:\\\/\\\/www.laparamera.es\\\/index.php\\\/2021\\\/12\\\/05\\\/elementor-440\\\/#breadcrumb\",\"itemListElement\":[{\"@type\":\"ListItem\",\"position\":1,\"name\":\"Portada\",\"item\":\"https:\\\/\\\/www.laparamera.es\\\/\"},{\"@type\":\"ListItem\",\"position\":2,\"name\":\"FEMUR Y LA PARAMERA\"}]},{\"@type\":\"WebSite\",\"@id\":\"https:\\\/\\\/www.laparamera.es\\\/#website\",\"url\":\"https:\\\/\\\/www.laparamera.es\\\/\",\"name\":\"La Paramera\",\"description\":\"Productos ap\u00edcolas artesanos de primera calidad\",\"publisher\":{\"@id\":\"https:\\\/\\\/www.laparamera.es\\\/#organization\"},\"potentialAction\":[{\"@type\":\"SearchAction\",\"target\":{\"@type\":\"EntryPoint\",\"urlTemplate\":\"https:\\\/\\\/www.laparamera.es\\\/?s={search_term_string}\"},\"query-input\":{\"@type\":\"PropertyValueSpecification\",\"valueRequired\":true,\"valueName\":\"search_term_string\"}}],\"inLanguage\":\"es\"},{\"@type\":\"Organization\",\"@id\":\"https:\\\/\\\/www.laparamera.es\\\/#organization\",\"name\":\"La Paramera\",\"url\":\"https:\\\/\\\/www.laparamera.es\\\/\",\"logo\":{\"@type\":\"ImageObject\",\"inLanguage\":\"es\",\"@id\":\"https:\\\/\\\/www.laparamera.es\\\/#\\\/schema\\\/logo\\\/image\\\/\",\"url\":\"https:\\\/\\\/i0.wp.com\\\/www.laparamera.es\\\/wp-content\\\/uploads\\\/2021\\\/09\\\/Paramera_Logo-Principal.png?fit=453%2C204&ssl=1\",\"contentUrl\":\"https:\\\/\\\/i0.wp.com\\\/www.laparamera.es\\\/wp-content\\\/uploads\\\/2021\\\/09\\\/Paramera_Logo-Principal.png?fit=453%2C204&ssl=1\",\"width\":453,\"height\":204,\"caption\":\"La Paramera\"},\"image\":{\"@id\":\"https:\\\/\\\/www.laparamera.es\\\/#\\\/schema\\\/logo\\\/image\\\/\"}},{\"@type\":\"Person\",\"@id\":\"https:\\\/\\\/www.laparamera.es\\\/#\\\/schema\\\/person\\\/4d1d067501f66f7c8a12ddf42c996493\",\"name\":\"La Paramera\",\"image\":{\"@type\":\"ImageObject\",\"inLanguage\":\"es\",\"@id\":\"https:\\\/\\\/secure.gravatar.com\\\/avatar\\\/0648308e5ad399094da266914ce715d7e8c8c4f425f77d56c54ec44a6d05ebd5?s=96&d=mm&r=g\",\"url\":\"https:\\\/\\\/secure.gravatar.com\\\/avatar\\\/0648308e5ad399094da266914ce715d7e8c8c4f425f77d56c54ec44a6d05ebd5?s=96&d=mm&r=g\",\"contentUrl\":\"https:\\\/\\\/secure.gravatar.com\\\/avatar\\\/0648308e5ad399094da266914ce715d7e8c8c4f425f77d56c54ec44a6d05ebd5?s=96&d=mm&r=g\",\"caption\":\"La Paramera\"},\"sameAs\":[\"https:\\\/\\\/www.laparamera.es\"],\"url\":\"https:\\\/\\\/www.laparamera.es\\\/index.php\\\/author\\\/laparai169\\\/\"}]}<\/script>\n<!-- \/ Yoast SEO plugin. -->","yoast_head_json":{"title":"FEMUR Y LA PARAMERA - La Paramera","robots":{"index":"index","follow":"follow","max-snippet":"max-snippet:-1","max-image-preview":"max-image-preview:large","max-video-preview":"max-video-preview:-1"},"canonical":"https:\/\/www.laparamera.es\/index.php\/2021\/12\/05\/elementor-440\/","og_locale":"es_ES","og_type":"article","og_title":"FEMUR Y LA PARAMERA - La Paramera","og_description":"FEMUR Y LA PARAMERA Este fin de semana he participado en el Foro organizado por la Federaci\u00f3n de la Mujer Rural en #Hontalbilla, #Segovia. Han sido unas jornadas de convivenciaSeguir leyendoFEMUR Y LA PARAMERA","og_url":"https:\/\/www.laparamera.es\/index.php\/2021\/12\/05\/elementor-440\/","og_site_name":"La Paramera","article_published_time":"2021-12-05T09:51:15+00:00","article_modified_time":"2021-12-08T21:31:01+00:00","og_image":[{"url":"https:\/\/www.laparamera.es\/wp-content\/uploads\/2021\/12\/femur.jpg","type":"","width":"","height":""}],"author":"La Paramera","twitter_card":"summary_large_image","twitter_misc":{"Escrito por":"La Paramera","Tiempo de lectura":"3 minutos"},"schema":{"@context":"https:\/\/schema.org","@graph":[{"@type":"Article","@id":"https:\/\/www.laparamera.es\/index.php\/2021\/12\/05\/elementor-440\/#article","isPartOf":{"@id":"https:\/\/www.laparamera.es\/index.php\/2021\/12\/05\/elementor-440\/"},"author":{"name":"La Paramera","@id":"https:\/\/www.laparamera.es\/#\/schema\/person\/4d1d067501f66f7c8a12ddf42c996493"},"headline":"FEMUR Y LA PARAMERA","datePublished":"2021-12-05T09:51:15+00:00","dateModified":"2021-12-08T21:31:01+00:00","mainEntityOfPage":{"@id":"https:\/\/www.laparamera.es\/index.php\/2021\/12\/05\/elementor-440\/"},"wordCount":157,"commentCount":0,"publisher":{"@id":"https:\/\/www.laparamera.es\/#organization"},"image":{"@id":"https:\/\/www.laparamera.es\/index.php\/2021\/12\/05\/elementor-440\/#primaryimage"},"thumbnailUrl":"https:\/\/www.laparamera.es\/wp-content\/uploads\/2021\/12\/femur.jpg","articleSection":["Blog 2021"],"inLanguage":"es","potentialAction":[{"@type":"CommentAction","name":"Comment","target":["https:\/\/www.laparamera.es\/index.php\/2021\/12\/05\/elementor-440\/#respond"]}]},{"@type":"WebPage","@id":"https:\/\/www.laparamera.es\/index.php\/2021\/12\/05\/elementor-440\/","url":"https:\/\/www.laparamera.es\/index.php\/2021\/12\/05\/elementor-440\/","name":"FEMUR Y LA PARAMERA - La Paramera","isPartOf":{"@id":"https:\/\/www.laparamera.es\/#website"},"primaryImageOfPage":{"@id":"https:\/\/www.laparamera.es\/index.php\/2021\/12\/05\/elementor-440\/#primaryimage"},"image":{"@id":"https:\/\/www.laparamera.es\/index.php\/2021\/12\/05\/elementor-440\/#primaryimage"},"thumbnailUrl":"https:\/\/www.laparamera.es\/wp-content\/uploads\/2021\/12\/femur.jpg","datePublished":"2021-12-05T09:51:15+00:00","dateModified":"2021-12-08T21:31:01+00:00","breadcrumb":{"@id":"https:\/\/www.laparamera.es\/index.php\/2021\/12\/05\/elementor-440\/#breadcrumb"},"inLanguage":"es","potentialAction":[{"@type":"ReadAction","target":["https:\/\/www.laparamera.es\/index.php\/2021\/12\/05\/elementor-440\/"]}]},{"@type":"ImageObject","inLanguage":"es","@id":"https:\/\/www.laparamera.es\/index.php\/2021\/12\/05\/elementor-440\/#primaryimage","url":"https:\/\/i0.wp.com\/www.laparamera.es\/wp-content\/uploads\/2021\/12\/femur.jpg?fit=1012%2C1016&ssl=1","contentUrl":"https:\/\/i0.wp.com\/www.laparamera.es\/wp-content\/uploads\/2021\/12\/femur.jpg?fit=1012%2C1016&ssl=1","width":1012,"height":1016},{"@type":"BreadcrumbList","@id":"https:\/\/www.laparamera.es\/index.php\/2021\/12\/05\/elementor-440\/#breadcrumb","itemListElement":[{"@type":"ListItem","position":1,"name":"Portada","item":"https:\/\/www.laparamera.es\/"},{"@type":"ListItem","position":2,"name":"FEMUR Y LA PARAMERA"}]},{"@type":"WebSite","@id":"https:\/\/www.laparamera.es\/#website","url":"https:\/\/www.laparamera.es\/","name":"La Paramera","description":"Productos ap\u00edcolas artesanos de primera calidad","publisher":{"@id":"https:\/\/www.laparamera.es\/#organization"},"potentialAction":[{"@type":"SearchAction","target":{"@type":"EntryPoint","urlTemplate":"https:\/\/www.laparamera.es\/?s={search_term_string}"},"query-input":{"@type":"PropertyValueSpecification","valueRequired":true,"valueName":"search_term_string"}}],"inLanguage":"es"},{"@type":"Organization","@id":"https:\/\/www.laparamera.es\/#organization","name":"La Paramera","url":"https:\/\/www.laparamera.es\/","logo":{"@type":"ImageObject","inLanguage":"es","@id":"https:\/\/www.laparamera.es\/#\/schema\/logo\/image\/","url":"https:\/\/i0.wp.com\/www.laparamera.es\/wp-content\/uploads\/2021\/09\/Paramera_Logo-Principal.png?fit=453%2C204&ssl=1","contentUrl":"https:\/\/i0.wp.com\/www.laparamera.es\/wp-content\/uploads\/2021\/09\/Paramera_Logo-Principal.png?fit=453%2C204&ssl=1","width":453,"height":204,"caption":"La Paramera"},"image":{"@id":"https:\/\/www.laparamera.es\/#\/schema\/logo\/image\/"}},{"@type":"Person","@id":"https:\/\/www.laparamera.es\/#\/schema\/person\/4d1d067501f66f7c8a12ddf42c996493","name":"La Paramera","image":{"@type":"ImageObject","inLanguage":"es","@id":"https:\/\/secure.gravatar.com\/avatar\/0648308e5ad399094da266914ce715d7e8c8c4f425f77d56c54ec44a6d05ebd5?s=96&d=mm&r=g","url":"https:\/\/secure.gravatar.com\/avatar\/0648308e5ad399094da266914ce715d7e8c8c4f425f77d56c54ec44a6d05ebd5?s=96&d=mm&r=g","contentUrl":"https:\/\/secure.gravatar.com\/avatar\/0648308e5ad399094da266914ce715d7e8c8c4f425f77d56c54ec44a6d05ebd5?s=96&d=mm&r=g","caption":"La Paramera"},"sameAs":["https:\/\/www.laparamera.es"],"url":"https:\/\/www.laparamera.es\/index.php\/author\/laparai169\/"}]}},"jetpack_featured_media_url":"","jetpack-related-posts":[{"id":61,"url":"https:\/\/www.laparamera.es\/index.php\/2021\/10\/01\/desayunos-la-paramera\/","url_meta":{"origin":440,"position":0},"title":"Desayunos La Paramera","date":"01\/10\/2021","format":false,"excerpt":"El desayuno se tornar\u00e1 una delicia. El aroma de tu infancia. (^_^)","rel":"","context":"En \u00abRecetas\u00bb","img":{"alt_text":"","src":"https:\/\/i0.wp.com\/www.laparamera.es\/wp-content\/uploads\/2021\/10\/IMG_5739-scaled.jpg?resize=350%2C200&ssl=1","width":350,"height":200},"classes":[]},{"id":1,"url":"https:\/\/www.laparamera.es\/index.php\/2021\/09\/29\/hola-mundo\/","url_meta":{"origin":440,"position":1},"title":"LA PARAMERA  SE VA DE BODA","date":"29\/09\/2021","format":false,"excerpt":"Os deseamos todo lo mejor @ibizabydrone y @sarahadacampanilla Nos alegramos infinitamente de haber podido compartir este momento tan especial con vosotros. Sois simplemente geniales. Hasta el infinito y m\u00e1s all\u00e1!! Contacta con nosotros para tu recuerdo de bodas o cualquier otro recuerdo ;-) \u00a0","rel":"","context":"En \u00abBlog 2021\u00bb","img":{"alt_text":"","src":"https:\/\/i0.wp.com\/www.laparamera.es\/wp-content\/uploads\/2021\/10\/buena-junacar-1.jpg?resize=350%2C200&ssl=1","width":350,"height":200},"classes":[]},{"id":283,"url":"https:\/\/www.laparamera.es\/index.php\/2021\/11\/02\/miel-brezo-natural\/","url_meta":{"origin":440,"position":2},"title":"La Cata","date":"02\/11\/2021","format":false,"excerpt":"https:\/\/www.youtube.com\/watch?v=AwZq9DdOI4M Os acercamos al colmenar en uno de los d\u00edas m\u00e1s importantes del a\u00f1o. Momento en el que procedemos a la retirada de los cuadros llenos de miel de brezo. Es un trabajo que requiere de especial cuidado para no alterar la colonia. Adem\u00e1s hacemos una revisi\u00f3n del estado de\u2026","rel":"","context":"En \u00abBlog 2021\u00bb","img":{"alt_text":"","src":"https:\/\/i0.wp.com\/img.youtube.com\/vi\/AwZq9DdOI4M\/0.jpg?resize=350%2C200","width":350,"height":200},"classes":[]},{"id":655,"url":"https:\/\/www.laparamera.es\/index.php\/2022\/04\/03\/el-hada-de-la-primavera\/","url_meta":{"origin":440,"position":3},"title":"El Hada de la Primavera","date":"03\/04\/2022","format":false,"excerpt":"El hada de la primavera ha despertado a las flores. Al posar sus manos, los p\u00e9talos comienzan a abrirse llenando de color el campo. Las abejas, desde el interior de la colmena, sienten que algo est\u00e1 cambiando. Retoman su actividad y vuelan incansables recolectando polen y n\u00e9ctar de las primeras\u2026","rel":"","context":"En \u00abBlog 2022\u00bb","img":{"alt_text":"","src":"https:\/\/i0.wp.com\/www.laparamera.es\/wp-content\/uploads\/2022\/04\/IMG_20220326_180733_706-768x1024.jpg?resize=350%2C200&ssl=1","width":350,"height":200},"classes":[]},{"id":641,"url":"https:\/\/www.laparamera.es\/index.php\/2022\/02\/20\/bizcocho-con-miel-y-algarroba\/","url_meta":{"origin":440,"position":4},"title":"Bizcocho con miel y Algarroba","date":"20\/02\/2022","format":false,"excerpt":"Bizcocho con Miel de brezo y Algarroba \u00a0\u00a0\u00a0Hoy os mostramos una receta diferente y sencilla con la que disfrutar de la reposter\u00eda, utilizando endulzantes naturales.Recientemente hemos descubierto la algarroba; combinada con la miel, en los bizcochos, da como resultado un sabor riqu\u00edsimo similar al chocolate.\u00a0\u00a0\u00a0 Ingredientes:4 huevos1 yogur natural (servir\u00e1\u2026","rel":"","context":"En \u00abRecetas\u00bb","img":{"alt_text":"","src":"https:\/\/i0.wp.com\/www.laparamera.es\/wp-content\/uploads\/2022\/02\/IMG_6718-768x1055.jpg?resize=350%2C200&ssl=1","width":350,"height":200},"classes":[]},{"id":338,"url":"https:\/\/www.laparamera.es\/index.php\/2021\/12\/02\/miel-de-brezo-antibiotico-natural\/","url_meta":{"origin":440,"position":5},"title":"MIEL DE BREZO, ANTIBI\u00d3TICO NATURAL","date":"02\/12\/2021","format":false,"excerpt":"Miel de brezo, antibi\u00f3tico natural La resistencia a los antibi\u00f3ticos tradicionales para el tratamiento de infecciones bacterianas, en particular a las bacterias Gram-negativas, supone un desaf\u00edo continuo para la medicina y la farmac\u00e9utica actuales. Son necesarias terapias alternativas para el tratamiento de estos pat\u00f3genos, que forman biofilms o biopel\u00edculas\u00a0 adheridos\u2026","rel":"","context":"En \u00abBlog 2022\u00bb","img":{"alt_text":"","src":"https:\/\/i0.wp.com\/www.laparamera.es\/wp-content\/uploads\/2021\/10\/puesta-de-todas-las-edades_3-1024x683.jpg?resize=350%2C200&ssl=1","width":350,"height":200},"classes":[]}],"_links":{"self":[{"href":"https:\/\/www.laparamera.es\/index.php\/wp-json\/wp\/v2\/posts\/440","targetHints":{"allow":["GET"]}}],"collection":[{"href":"https:\/\/www.laparamera.es\/index.php\/wp-json\/wp\/v2\/posts"}],"about":[{"href":"https:\/\/www.laparamera.es\/index.php\/wp-json\/wp\/v2\/types\/post"}],"author":[{"embeddable":true,"href":"https:\/\/www.laparamera.es\/index.php\/wp-json\/wp\/v2\/users\/1"}],"replies":[{"embeddable":true,"href":"https:\/\/www.laparamera.es\/index.php\/wp-json\/wp\/v2\/comments?post=440"}],"version-history":[{"count":17,"href":"https:\/\/www.laparamera.es\/index.php\/wp-json\/wp\/v2\/posts\/440\/revisions"}],"predecessor-version":[{"id":553,"href":"https:\/\/www.laparamera.es\/index.php\/wp-json\/wp\/v2\/posts\/440\/revisions\/553"}],"wp:attachment":[{"href":"https:\/\/www.laparamera.es\/index.php\/wp-json\/wp\/v2\/media?parent=440"}],"wp:term":[{"taxonomy":"category","embeddable":true,"href":"https:\/\/www.laparamera.es\/index.php\/wp-json\/wp\/v2\/categories?post=440"},{"taxonomy":"post_tag","embeddable":true,"href":"https:\/\/www.laparamera.es\/index.php\/wp-json\/wp\/v2\/tags?post=440"}],"curies":[{"name":"wp","href":"https:\/\/api.w.org\/{rel}","templated":true}]}}